{"id":35400,"date":"2026-08-31T10:36:01","date_gmt":"2026-08-31T08:36:01","guid":{"rendered":"https:\/\/solamiklavz.splet.arnes.si\/?p=35400"},"modified":"2026-08-31T10:36:07","modified_gmt":"2026-08-31T08:36:07","slug":"varnost-solarjev-ob-zacetku-novega-solskega-leta","status":"publish","type":"post","link":"https:\/\/www.sola-miklavz.si\/?p=35400","title":{"rendered":"VARNOST \u0160OLARJEV OB ZA\u010cETKU NOVEGA \u0160OLSKEGA LETA"},"content":{"rendered":"<p class=\"isSelectedEnd\">Varnost \u0161olarjev ob za\u010detku novega \u0161olskega leta je ena izmed prioritet <strong>Sveta za preventivo in vzgojo v cestnem prometu Ob\u010dine Miklav\u017e na Dravskem polju<\/strong>. Posebna pozornost je namenjena prometni varnosti najbolj ranljivih udele\u017eencev v prometu \u2013 <strong>otrok<\/strong>.<\/p>\n<p class=\"isSelectedEnd\">K zagotavljanju njihove varnosti pristopamo sistemsko in celovito. Tudi letos bodo v bli\u017eini obeh osnovnih \u0161ol ter na najbolj izpostavljenih prometnih to\u010dkah v prvem tednu pred za\u010detkom pouka in po njem za varnost otrok skrbeli <strong>policisti ter prostovoljni \u010dlani dru\u0161tev upokojencev iz Miklav\u017ea, Dobrovc, Skok in Dravskega Dvora<\/strong>.<\/p>\n<h3>SPO\u0160TOVANI STAR\u0160I!<\/h3>\n<p class=\"isSelectedEnd\">U\u010denci v svoji razigranosti in v\u010dasih tudi nepremi\u0161ljenosti pozabijo, da morajo biti v prometu \u0161e posebej previdni. Ob za\u010detku \u0161olskega leta jih zato spomnimo na pomembna pravila in skupaj z njimi ponovimo, kako lahko poskrbijo za svojo varnost.<\/p>\n<ul data-spread=\"false\">\n<li>Skupaj z otroki ob\u010dasno <strong>prehodimo \u0161olsko pot<\/strong>.<\/li>\n<li>Na prometno izpostavljenih to\u010dkah jim poka\u017eimo in pojasnimo, kako naj pravilno ravnajo, da bodo varno pri\u0161li v \u0161olo in domov.<\/li>\n<li>\u010ce je mogo\u010de, otroke v \u0161olo pospremimo <strong>pe\u0161 ali s kolesom<\/strong>.<\/li>\n<\/ul>\n<p class=\"isSelectedEnd\">Star\u0161e, ki otroke vozite v \u0161olo, tudi v tem \u0161olskem letu prosimo, da jih z avtomobilom ne pripeljete skoraj do \u0161olskih vrat, saj s tem lahko ogro\u017eate druge udele\u017eence v prometu.<\/p>\n<p class=\"isSelectedEnd\">Uporabljajte sistem <strong>\u00bbpoljubi in odpelji\u00ab (Kiss &amp; Ride)<\/strong> \u2013 otroka odlo\u017eite na varnem mestu, od koder lahko preostanek poti do \u0161ole nadaljuje pe\u0161.<\/p>\n<p class=\"isSelectedEnd\">Primerna mesta za izstop so lahko:<\/p>\n<ul data-spread=\"false\">\n<li>ob Cesti v Rogozo,<\/li>\n<li>na Cesti v Dobrovce,<\/li>\n<li>na Ulici Marjana Nemca,<\/li>\n<li>na Babi\u010devi ulici,<\/li>\n<li>na avtobusnem postajali\u0161\u010du na Ptujski cesti,<\/li>\n<li>na avtobusnem postajali\u0161\u010du v neposredni bli\u017eini \u0161ole.<\/li>\n<\/ul>\n<p class=\"isSelectedEnd\">Ni\u010d ne bo narobe, \u010de otrok preostanek kraj\u0161e poti prehodi pe\u0161, v dru\u017ebi svojih vrstnikov, ki prihajajo v \u0161olo.<\/p>\n<h3>SPO\u0160TOVANI VOZNIKI!<\/h3>\n<p class=\"isSelectedEnd\">Prosimo vas, da po naseljih in ulicah, kjer potekajo \u0161olske poti, vozite <strong>zmerno, previdno in obzirno<\/strong>.<\/p>\n<p class=\"isSelectedEnd\">\u0160e posebej to velja za <strong>Usko\u0161ko ulico v Skokah<\/strong>, po kateri poteka \u0161olska pot do \u0161ole v Dobrovcih. Prav s tega obmo\u010dja prihaja najve\u010d prito\u017eb zaradi objestne in prehitre vo\u017enje.<\/p>\n<p class=\"isSelectedEnd\">Voznike prosimo, da s svojim ravnanjem prispevajo k varnemu za\u010detku \u0161olskega leta in varnosti otrok.<\/p>\n<p class=\"isSelectedEnd\">Obe osnovni \u0161oli imata za ve\u010djo varnost u\u010dencev izdelan <strong>Na\u010drt \u0161olskih poti<\/strong>, v katerem so predlagane in opisane ustrezne ter neustrezne \u0161olske poti.<\/p>\n<p class=\"isSelectedEnd\">Star\u0161em priporo\u010damo tudi, da se seznanijo s knji\u017eico <strong>\u00bbPrvi koraki v svetu prometa\u00ab<\/strong>, ki je v elektronski obliki dostopna na spletu na straneh <strong>Agencije za varnost prometa (AVP)<\/strong>.<\/p>\n<p class=\"isSelectedEnd\"><strong>Naj bo za\u010detek \u0161olskega leta varen za vse!<\/strong><\/p>\n<p><strong>Predsednik SPV<\/strong><br \/>\n<strong>Silvo German<\/strong><\/p>\n","protected":false},"excerpt":{"rendered":"<p>Varnost \u0161olarjev ob za\u010detku novega \u0161olskega leta je ena izmed prioritet Sveta za preventivo in vzgojo v cestnem prometu Ob\u010dine Miklav\u017e na Dravskem polju. Posebna pozornost je namenjena prometni varnosti najbolj ranljivih udele\u017eencev v prometu \u2013 otrok. K zagotavljanju njihove varnosti pristopamo sistemsko in celovito. Tudi letos bodo v bli\u017eini&#46;&#46;&#46;<\/p>\n","protected":false},"author":5187,"featured_media":35401,"comment_status":"closed","ping_status":"open","sticky":false,"template":"","format":"standard","meta":{"ngg_post_thumbnail":0,"footnotes":""},"categories":[14,15],"tags":[],"class_list":["post-35400","post","type-post","status-publish","format-standard","has-post-thumbnail","hentry","category-14","category-obvestila"],"publishpress_future_action":{"enabled":false,"date":"2026-09-07 13:05:01","action":"change-status","newStatus":"trash","terms":[],"taxonomy":"category","extraData":[]},"publishpress_future_workflow_manual_trigger":{"enabledWorkflows":[]},"_links":{"self":[{"href":"https:\/\/www.sola-miklavz.si\/index.php?rest_route=\/wp\/v2\/posts\/35400","targetHints":{"allow":["GET"]}}],"collection":[{"href":"https:\/\/www.sola-miklavz.si\/index.php?rest_route=\/wp\/v2\/posts"}],"about":[{"href":"https:\/\/www.sola-miklavz.si\/index.php?rest_route=\/wp\/v2\/types\/post"}],"author":[{"embeddable":true,"href":"https:\/\/www.sola-miklavz.si\/index.php?rest_route=\/wp\/v2\/users\/5187"}],"replies":[{"embeddable":true,"href":"https:\/\/www.sola-miklavz.si\/index.php?rest_route=%2Fwp%2Fv2%2Fcomments&post=35400"}],"version-history":[{"count":1,"href":"https:\/\/www.sola-miklavz.si\/index.php?rest_route=\/wp\/v2\/posts\/35400\/revisions"}],"predecessor-version":[{"id":35402,"href":"https:\/\/www.sola-miklavz.si\/index.php?rest_route=\/wp\/v2\/posts\/35400\/revisions\/35402"}],"wp:featuredmedia":[{"embeddable":true,"href":"https:\/\/www.sola-miklavz.si\/index.php?rest_route=\/wp\/v2\/media\/35401"}],"wp:attachment":[{"href":"https:\/\/www.sola-miklavz.si\/index.php?rest_route=%2Fwp%2Fv2%2Fmedia&parent=35400"}],"wp:term":[{"taxonomy":"category","embeddable":true,"href":"https:\/\/www.sola-miklavz.si\/index.php?rest_route=%2Fwp%2Fv2%2Fcategories&post=35400"},{"taxonomy":"post_tag","embeddable":true,"href":"https:\/\/www.sola-miklavz.si\/index.php?rest_route=%2Fwp%2Fv2%2Ftags&post=35400"}],"curies":[{"name":"wp","href":"https:\/\/api.w.org\/{rel}","templated":true}]}}