{"id":34393,"date":"2026-05-03T15:59:19","date_gmt":"2026-05-03T13:59:19","guid":{"rendered":"https:\/\/solamiklavz.splet.arnes.si\/?p=34393"},"modified":"2026-05-03T15:59:19","modified_gmt":"2026-05-03T13:59:19","slug":"aleksander-podgornik-in-masa-marko-iz-6-a-med-zmagovalci-literarnega-natecaja-19-mali-pranger-ela","status":"publish","type":"post","link":"https:\/\/www.sola-miklavz.si\/?p=34393","title":{"rendered":"Aleksander Podgornik in Ma\u0161a Marko iz 6. a med zmagovalci literarnega nate\u010daja 19. Mali Pranger \u2013 ELA"},"content":{"rendered":"<p>Na leto\u0161nji nate\u010daj <strong>19. Mali Pranger \u2013 ELA<\/strong>, ki je potekal na temo <strong>Vihar<\/strong>, je prispelo kar 677 pesmi mladih ustvarjalcev iz vse Slovenije. Strokovna \u017eirija v sestavi mag. Tilka Jamnik, Darka Tancer Kajnih, Tja\u0161a Koprivec Vuga (Slovenska sekcija IBBY), Maja Novak (Knji\u017enica Roga\u0161ka Slatina) in Dejan Koban (Pranger) je skrbno prebrala in ocenila vsa prispela dela.<\/p>\n<p>Z velikim ponosom sporo\u010damo, da sta se <strong>med zmagovalce uvrstila<\/strong> tudi na\u0161a u\u010denca iz 6. a-razreda. <strong><span style=\"color: #0000ff\">Aleksander Podgornik<\/span><\/strong> je \u017eirijo navdu\u0161il s pesmijo <span style=\"color: #0000ff\">Vihar v sebi<\/span>, <strong><span style=\"color: #ff0000\">Ma\u0161a Marko<\/span><\/strong> pa s pesmijo <span style=\"color: #ff0000\">Hi\u0161ni vihar<\/span>. Njuna ustvarjalnost, izvirnost in ob\u010dutek za besedo so ju popeljali med najbolj\u0161e mlade pesnike v dr\u017eavi.<\/p>\n<p>Slavnostna podelitev priznanj bo potekala v soboto, 30. maja, ob 11. uri v Aninem dvoru v Roga\u0161ki Slatini, kjer bodo priznanja prejeli tako nagrajeni u\u010denci kot tudi njihove mentorice in mentorji.<\/p>\n<p><strong>Aleksandru<\/strong> in <strong>Ma\u0161i<\/strong> iskreno \u010destitamo za izjemen pesni\u0161ki dose\u017eek ter jima \u017eelimo \u0161e veliko ustvarjalnega navdiha in literarnih uspehov!<\/p>\n<p style=\"text-align: right\">Mentorica: dr. Ana Koritnik<\/p>\n","protected":false},"excerpt":{"rendered":"<p>Na leto\u0161nji nate\u010daj 19. Mali Pranger \u2013 ELA, ki je potekal na temo Vihar, je prispelo kar 677 pesmi mladih ustvarjalcev iz vse Slovenije. Strokovna \u017eirija v sestavi mag. Tilka Jamnik, Darka Tancer Kajnih, Tja\u0161a Koprivec Vuga (Slovenska sekcija IBBY), Maja Novak (Knji\u017enica Roga\u0161ka Slatina) in Dejan Koban (Pranger) je&#46;&#46;&#46;<\/p>\n","protected":false},"author":4971,"featured_media":0,"comment_status":"closed","ping_status":"open","sticky":false,"template":"","format":"standard","meta":{"ngg_post_thumbnail":0,"footnotes":"","_expiration-date-status":"","_expiration-date":0,"_expiration-date-type":"","_expiration-date-categories":[],"_expiration-date-options":[]},"categories":[80],"tags":[],"class_list":["post-34393","post","type-post","status-publish","format-standard","hentry","category-dosezki-ucencev-v-okviru-sole"],"_links":{"self":[{"href":"https:\/\/www.sola-miklavz.si\/index.php?rest_route=\/wp\/v2\/posts\/34393","targetHints":{"allow":["GET"]}}],"collection":[{"href":"https:\/\/www.sola-miklavz.si\/index.php?rest_route=\/wp\/v2\/posts"}],"about":[{"href":"https:\/\/www.sola-miklavz.si\/index.php?rest_route=\/wp\/v2\/types\/post"}],"author":[{"embeddable":true,"href":"https:\/\/www.sola-miklavz.si\/index.php?rest_route=\/wp\/v2\/users\/4971"}],"replies":[{"embeddable":true,"href":"https:\/\/www.sola-miklavz.si\/index.php?rest_route=%2Fwp%2Fv2%2Fcomments&post=34393"}],"version-history":[{"count":1,"href":"https:\/\/www.sola-miklavz.si\/index.php?rest_route=\/wp\/v2\/posts\/34393\/revisions"}],"predecessor-version":[{"id":34394,"href":"https:\/\/www.sola-miklavz.si\/index.php?rest_route=\/wp\/v2\/posts\/34393\/revisions\/34394"}],"wp:attachment":[{"href":"https:\/\/www.sola-miklavz.si\/index.php?rest_route=%2Fwp%2Fv2%2Fmedia&parent=34393"}],"wp:term":[{"taxonomy":"category","embeddable":true,"href":"https:\/\/www.sola-miklavz.si\/index.php?rest_route=%2Fwp%2Fv2%2Fcategories&post=34393"},{"taxonomy":"post_tag","embeddable":true,"href":"https:\/\/www.sola-miklavz.si\/index.php?rest_route=%2Fwp%2Fv2%2Ftags&post=34393"}],"curies":[{"name":"wp","href":"https:\/\/api.w.org\/{rel}","templated":true}]}}