{"id":33582,"date":"2026-03-16T07:13:16","date_gmt":"2026-03-16T06:13:16","guid":{"rendered":"https:\/\/solamiklavz.splet.arnes.si\/?p=33582"},"modified":"2026-03-31T07:36:57","modified_gmt":"2026-03-31T05:36:57","slug":"eko-sola-altermed","status":"publish","type":"post","link":"https:\/\/www.sola-miklavz.si\/?p=33582","title":{"rendered":"Eko\u0161ola &#8211; Osvojili zlato priznanje na sejmu Fit&amp;Well v Celju"},"content":{"rendered":"<p><span style=\"color: #333333\">V soboto 14.3.2026 smo se v okvirju Eko\u0161ole udele\u017eili tradicionalnega Altermeda na Celjskem sejmu z naslovom Trebljenje bu\u010d. Obiskovalcem smo pribli\u017eali trajnostne tradicionalne prakse, pomen lokalne prehrane, zdrav \u017eivljenjski slog, \u017eivljenje neko\u010d in kako oblikovati odgovoren odnos do okolja. <\/span><\/p>\n<p><span style=\"color: #333333\">S tako predano skupino u\u010diteljev in u\u010dencev ter odli\u010dno organizacijo je bil u\u017eitek ustvarjati in predstavljati na\u0161o \u0161olo. Hvala vsem sodelujo\u010dim in tudi vodstvu \u0161ole, ki nas ob tem podpira.<\/span><\/p>\n<p>Za na\u0161o predstavitev smo s strani ocenjevalcev pridobili vse mo\u017ene to\u010dke in tako osvojili ZLATO PRIZNANJE. \u010cestitamo!<\/p>\n<div style=\"width: 576px;\" class=\"wp-video\"><video class=\"wp-video-shortcode\" id=\"video-33582-1\" width=\"576\" height=\"1024\" preload=\"metadata\" controls=\"controls\"><source type=\"video\/mp4\" src=\"https:\/\/www.sola-miklavz.si\/files\/2026\/03\/Predsatvitev-Eko-sole-16.3.2026.mp4?_=1\" \/><a href=\"https:\/\/www.sola-miklavz.si\/files\/2026\/03\/Predsatvitev-Eko-sole-16.3.2026.mp4\">https:\/\/www.sola-miklavz.si\/files\/2026\/03\/Predsatvitev-Eko-sole-16.3.2026.mp4<\/a><\/video><\/div>\n<p>&nbsp;<\/p>\n<p>&nbsp;<\/p>\n","protected":false},"excerpt":{"rendered":"<p>V soboto 14.3.2026 smo se v okvirju Eko\u0161ole udele\u017eili tradicionalnega Altermeda na Celjskem sejmu z naslovom Trebljenje bu\u010d. Obiskovalcem smo pribli\u017eali trajnostne tradicionalne prakse, pomen lokalne prehrane, zdrav \u017eivljenjski slog, \u017eivljenje neko\u010d in kako oblikovati odgovoren odnos do okolja. S tako predano skupino u\u010diteljev in u\u010dencev ter odli\u010dno organizacijo je&#46;&#46;&#46;<\/p>\n","protected":false},"author":62925,"featured_media":0,"comment_status":"closed","ping_status":"open","sticky":false,"template":"","format":"standard","meta":{"ngg_post_thumbnail":0,"footnotes":"","_expiration-date-status":"","_expiration-date":0,"_expiration-date-type":"","_expiration-date-categories":[],"_expiration-date-options":[]},"categories":[80],"tags":[],"class_list":["post-33582","post","type-post","status-publish","format-standard","hentry","category-dosezki-ucencev-v-okviru-sole"],"_links":{"self":[{"href":"https:\/\/www.sola-miklavz.si\/index.php?rest_route=\/wp\/v2\/posts\/33582","targetHints":{"allow":["GET"]}}],"collection":[{"href":"https:\/\/www.sola-miklavz.si\/index.php?rest_route=\/wp\/v2\/posts"}],"about":[{"href":"https:\/\/www.sola-miklavz.si\/index.php?rest_route=\/wp\/v2\/types\/post"}],"author":[{"embeddable":true,"href":"https:\/\/www.sola-miklavz.si\/index.php?rest_route=\/wp\/v2\/users\/62925"}],"replies":[{"embeddable":true,"href":"https:\/\/www.sola-miklavz.si\/index.php?rest_route=%2Fwp%2Fv2%2Fcomments&post=33582"}],"version-history":[{"count":8,"href":"https:\/\/www.sola-miklavz.si\/index.php?rest_route=\/wp\/v2\/posts\/33582\/revisions"}],"predecessor-version":[{"id":33642,"href":"https:\/\/www.sola-miklavz.si\/index.php?rest_route=\/wp\/v2\/posts\/33582\/revisions\/33642"}],"wp:attachment":[{"href":"https:\/\/www.sola-miklavz.si\/index.php?rest_route=%2Fwp%2Fv2%2Fmedia&parent=33582"}],"wp:term":[{"taxonomy":"category","embeddable":true,"href":"https:\/\/www.sola-miklavz.si\/index.php?rest_route=%2Fwp%2Fv2%2Fcategories&post=33582"},{"taxonomy":"post_tag","embeddable":true,"href":"https:\/\/www.sola-miklavz.si\/index.php?rest_route=%2Fwp%2Fv2%2Ftags&post=33582"}],"curies":[{"name":"wp","href":"https:\/\/api.w.org\/{rel}","templated":true}]}}