{"id":32692,"date":"2025-12-07T21:12:35","date_gmt":"2025-12-07T20:12:35","guid":{"rendered":"https:\/\/solamiklavz.splet.arnes.si\/?p=32692"},"modified":"2025-12-07T21:12:35","modified_gmt":"2025-12-07T20:12:35","slug":"ucenci-zaplesali-starejsim-obcanom-miklavza","status":"publish","type":"post","link":"https:\/\/www.sola-miklavz.si\/?p=32692","title":{"rendered":"U\u010denci zaplesali starej\u0161im ob\u010danom Miklav\u017ea"},"content":{"rendered":"<p>V sredo, 3. 12. 2025, so dolo\u010deni u\u010denci 4. in 5. razredov, v Kulturnem domu Miklav\u017e, zaplesali ljudske plese starej\u0161im ob\u010danom Miklav\u017ea. S tem so jim polep\u0161ali ter popestrili dru\u017eenje ob zaklju\u010dku koledarskega leta.<\/p>\n<p><img loading=\"lazy\" decoding=\"async\" class=\"alignnone size-medium wp-image-32695\" src=\"https:\/\/www.sola-miklavz.si\/files\/2025\/12\/3.-12-300x225.jpg\" alt=\"\" width=\"300\" height=\"225\" srcset=\"https:\/\/www.sola-miklavz.si\/files\/2025\/12\/3.-12-300x225.jpg 300w, https:\/\/www.sola-miklavz.si\/files\/2025\/12\/3.-12-1024x768.jpg 1024w, https:\/\/www.sola-miklavz.si\/files\/2025\/12\/3.-12-768x576.jpg 768w, https:\/\/www.sola-miklavz.si\/files\/2025\/12\/3.-12-1536x1152.jpg 1536w, https:\/\/www.sola-miklavz.si\/files\/2025\/12\/3.-12.jpg 1600w\" sizes=\"auto, (max-width: 300px) 100vw, 300px\" \/><\/p>\n<div style=\"width: 640px;\" class=\"wp-video\"><video class=\"wp-video-shortcode\" id=\"video-32692-1\" width=\"640\" height=\"368\" preload=\"metadata\" controls=\"controls\"><source type=\"video\/mp4\" src=\"https:\/\/www.sola-miklavz.si\/files\/2025\/12\/Ljudski-ples-starejsim-obcanom.mp4?_=1\" \/><a href=\"https:\/\/www.sola-miklavz.si\/files\/2025\/12\/Ljudski-ples-starejsim-obcanom.mp4\">https:\/\/www.sola-miklavz.si\/files\/2025\/12\/Ljudski-ples-starejsim-obcanom.mp4<\/a><\/video><\/div>\n","protected":false},"excerpt":{"rendered":"<p>V sredo, 3. 12. 2025, so dolo\u010deni u\u010denci 4. in 5. razredov, v Kulturnem domu Miklav\u017e, zaplesali ljudske plese starej\u0161im ob\u010danom Miklav\u017ea. S tem so jim polep\u0161ali ter popestrili dru\u017eenje ob zaklju\u010dku koledarskega leta.<\/p>\n","protected":false},"author":4928,"featured_media":0,"comment_status":"closed","ping_status":"open","sticky":false,"template":"","format":"standard","meta":{"ngg_post_thumbnail":0,"footnotes":"","_expiration-date-status":"","_expiration-date":0,"_expiration-date-type":"","_expiration-date-categories":[],"_expiration-date-options":[]},"categories":[14,77],"tags":[],"class_list":["post-32692","post","type-post","status-publish","format-standard","hentry","category-14","category-dogodki-in-aktivnosti-ki-so-se-odvijale-na-soli"],"_links":{"self":[{"href":"https:\/\/www.sola-miklavz.si\/index.php?rest_route=\/wp\/v2\/posts\/32692","targetHints":{"allow":["GET"]}}],"collection":[{"href":"https:\/\/www.sola-miklavz.si\/index.php?rest_route=\/wp\/v2\/posts"}],"about":[{"href":"https:\/\/www.sola-miklavz.si\/index.php?rest_route=\/wp\/v2\/types\/post"}],"author":[{"embeddable":true,"href":"https:\/\/www.sola-miklavz.si\/index.php?rest_route=\/wp\/v2\/users\/4928"}],"replies":[{"embeddable":true,"href":"https:\/\/www.sola-miklavz.si\/index.php?rest_route=%2Fwp%2Fv2%2Fcomments&post=32692"}],"version-history":[{"count":1,"href":"https:\/\/www.sola-miklavz.si\/index.php?rest_route=\/wp\/v2\/posts\/32692\/revisions"}],"predecessor-version":[{"id":32697,"href":"https:\/\/www.sola-miklavz.si\/index.php?rest_route=\/wp\/v2\/posts\/32692\/revisions\/32697"}],"wp:attachment":[{"href":"https:\/\/www.sola-miklavz.si\/index.php?rest_route=%2Fwp%2Fv2%2Fmedia&parent=32692"}],"wp:term":[{"taxonomy":"category","embeddable":true,"href":"https:\/\/www.sola-miklavz.si\/index.php?rest_route=%2Fwp%2Fv2%2Fcategories&post=32692"},{"taxonomy":"post_tag","embeddable":true,"href":"https:\/\/www.sola-miklavz.si\/index.php?rest_route=%2Fwp%2Fv2%2Ftags&post=32692"}],"curies":[{"name":"wp","href":"https:\/\/api.w.org\/{rel}","templated":true}]}}