{"id":32201,"date":"2025-10-24T13:25:38","date_gmt":"2025-10-24T11:25:38","guid":{"rendered":"https:\/\/solamiklavz.splet.arnes.si\/?p=32201"},"modified":"2025-11-10T13:06:00","modified_gmt":"2025-11-10T12:06:00","slug":"miro-kalezic-dobitnik-silihovega-odlicja","status":"publish","type":"post","link":"https:\/\/www.sola-miklavz.si\/?p=32201","title":{"rendered":"MIRO KALEZI\u010c &#8211; dobitnik \u0160ilihovega odli\u010dja"},"content":{"rendered":"<p><img loading=\"lazy\" decoding=\"async\" class=\"alignnone wp-image-32203 size-full\" src=\"https:\/\/www.sola-miklavz.si\/files\/2025\/10\/MIro-Silihova.jpg\" alt=\"\" width=\"1600\" height=\"900\" srcset=\"https:\/\/www.sola-miklavz.si\/files\/2025\/10\/MIro-Silihova.jpg 1600w, https:\/\/www.sola-miklavz.si\/files\/2025\/10\/MIro-Silihova-300x169.jpg 300w, https:\/\/www.sola-miklavz.si\/files\/2025\/10\/MIro-Silihova-1024x576.jpg 1024w, https:\/\/www.sola-miklavz.si\/files\/2025\/10\/MIro-Silihova-768x432.jpg 768w, https:\/\/www.sola-miklavz.si\/files\/2025\/10\/MIro-Silihova-1536x864.jpg 1536w\" sizes=\"auto, (max-width: 1600px) 100vw, 1600px\" \/><\/p>\n<p>&nbsp;<\/p>\n<p>Z veseljem in ponosom sporo\u010damo, da je u\u010ditelj Miro Kalezi\u010d dobitnik \u0160ilihovega odli\u010dja za leto 2024.<\/p>\n<p>\u010cestitamo.<\/p>\n<p>&nbsp;<\/p>\n<p>Povezava do objave v Ve\u010deru:<\/p>\n<p><a href=\"https:\/\/vecer.com\/maribor\/aktualno\/foto-kdo-so-izjemni-ucitelji-in-vzgojitelji-v-mariboru-in-okolici-silihova-odlicja-in-priznanja-so-prejeli--10395345\">https:\/\/vecer.com\/maribor\/aktualno\/foto-kdo-so-izjemni-ucitelji-in-vzgojitelji-v-mariboru-in-okolici-silihova-odlicja-in-priznanja-so-prejeli&#8211;10395345<\/a><\/p>\n<p>&nbsp;<\/p>\n","protected":false},"excerpt":{"rendered":"<p>&nbsp; Z veseljem in ponosom sporo\u010damo, da je u\u010ditelj Miro Kalezi\u010d dobitnik \u0160ilihovega odli\u010dja za leto 2024. \u010cestitamo. &nbsp; Povezava do objave v Ve\u010deru: https:\/\/vecer.com\/maribor\/aktualno\/foto-kdo-so-izjemni-ucitelji-in-vzgojitelji-v-mariboru-in-okolici-silihova-odlicja-in-priznanja-so-prejeli&#8211;10395345 &nbsp;<\/p>\n","protected":false},"author":2998,"featured_media":0,"comment_status":"closed","ping_status":"open","sticky":false,"template":"","format":"standard","meta":{"ngg_post_thumbnail":0,"footnotes":"","_expiration-date-status":"","_expiration-date":0,"_expiration-date-type":"","_expiration-date-categories":[],"_expiration-date-options":[]},"categories":[77],"tags":[],"class_list":["post-32201","post","type-post","status-publish","format-standard","hentry","category-dogodki-in-aktivnosti-ki-so-se-odvijale-na-soli"],"_links":{"self":[{"href":"https:\/\/www.sola-miklavz.si\/index.php?rest_route=\/wp\/v2\/posts\/32201","targetHints":{"allow":["GET"]}}],"collection":[{"href":"https:\/\/www.sola-miklavz.si\/index.php?rest_route=\/wp\/v2\/posts"}],"about":[{"href":"https:\/\/www.sola-miklavz.si\/index.php?rest_route=\/wp\/v2\/types\/post"}],"author":[{"embeddable":true,"href":"https:\/\/www.sola-miklavz.si\/index.php?rest_route=\/wp\/v2\/users\/2998"}],"replies":[{"embeddable":true,"href":"https:\/\/www.sola-miklavz.si\/index.php?rest_route=%2Fwp%2Fv2%2Fcomments&post=32201"}],"version-history":[{"count":1,"href":"https:\/\/www.sola-miklavz.si\/index.php?rest_route=\/wp\/v2\/posts\/32201\/revisions"}],"predecessor-version":[{"id":32204,"href":"https:\/\/www.sola-miklavz.si\/index.php?rest_route=\/wp\/v2\/posts\/32201\/revisions\/32204"}],"wp:attachment":[{"href":"https:\/\/www.sola-miklavz.si\/index.php?rest_route=%2Fwp%2Fv2%2Fmedia&parent=32201"}],"wp:term":[{"taxonomy":"category","embeddable":true,"href":"https:\/\/www.sola-miklavz.si\/index.php?rest_route=%2Fwp%2Fv2%2Fcategories&post=32201"},{"taxonomy":"post_tag","embeddable":true,"href":"https:\/\/www.sola-miklavz.si\/index.php?rest_route=%2Fwp%2Fv2%2Ftags&post=32201"}],"curies":[{"name":"wp","href":"https:\/\/api.w.org\/{rel}","templated":true}]}}