{"id":32090,"date":"2025-10-22T15:09:06","date_gmt":"2025-10-22T13:09:06","guid":{"rendered":"https:\/\/solamiklavz.splet.arnes.si\/?p=32090"},"modified":"2025-10-22T15:09:06","modified_gmt":"2025-10-22T13:09:06","slug":"obisk-uciteljic-iz-italije-v-okviru-erasmus-izmenjave","status":"publish","type":"post","link":"https:\/\/www.sola-miklavz.si\/?p=32090","title":{"rendered":"Obisk u\u010diteljic iz Italije v okviru Erasmus+ izmenjave"},"content":{"rendered":"<p>Na\u0161a \u0161ola je v okviru Erasmus+ programa gostila u\u010diteljice iz Italije, ki so z nami delile svoje izku\u0161nje o tamkaj\u0161njem \u0161olskem sistemu. Obisk je bil prilo\u017enost za medkulturno izmenjavo in primerjavo \u0161olskih praks.<\/p>\n<p>U\u010diteljice so povedale, da italijanski u\u010denci pogosto niso zadovoljni s \u0161olsko prehrano, saj obroki niso pripravljeni na \u0161oli, temve\u010d jih pripeljejo iz druge ustanove. To vpliva na kakovost hrane in posledi\u010dno na zadovoljstvo u\u010dencev.<\/p>\n<p>\u0160olski dan v Italiji je lahko razli\u010den, saj imajo star\u0161i mo\u017enost izbire. Nekateri otroci obiskujejo pouk od 8. ure zjutraj do 13. ure popoldne in malico pojedo doma, medtem ko drugi ostajajo v \u0161oli ves dan, od ponedeljka do petka.<\/p>\n<p>V pogovoru o razlikah med \u0161olama so italijanske u\u010diteljice izpostavile, da je na\u0161a \u0161ola prostorsko veliko bolj razko\u0161na. Imamo \u0161tevilne u\u010dilnice, laboratorije in veliko prostora za igro, medtem ko je njihova \u0161ola ume\u0161\u010dena v mestno okolje, kjer je prostora manj. Otroci se med odmori zadr\u017eujejo v u\u010dilnicah, saj nimajo zunanjih povr\u0161in za igro. Kljub temu imajo telovadnico in nekaj prostorov za tehnolo\u0161ke predmete.<\/p>\n<p>Obisk je bil prijetna izku\u0161nja, ki je obogatila tako na\u0161e u\u010dence kot gostujo\u010de u\u010diteljice. Medsebojna primerjava \u0161olskih sistemov je pokazala, kako pomembno je okolje za kakovostno izobra\u017eevanje in dobro po\u010dutje u\u010dencev.<\/p>\n<p>Mark \u0160o\u0161teri\u010d, Jaka Ga\u010dnik, Alin Adrovi\u0107<\/p>\n<p><img loading=\"lazy\" decoding=\"async\" class=\"alignnone size-medium wp-image-32091\" src=\"https:\/\/www.sola-miklavz.si\/files\/2025\/10\/IMG_8478-300x200.jpg\" alt=\"\" width=\"300\" height=\"200\" srcset=\"https:\/\/www.sola-miklavz.si\/files\/2025\/10\/IMG_8478-300x200.jpg 300w, https:\/\/www.sola-miklavz.si\/files\/2025\/10\/IMG_8478-768x511.jpg 768w, https:\/\/www.sola-miklavz.si\/files\/2025\/10\/IMG_8478.jpg 1018w\" sizes=\"auto, (max-width: 300px) 100vw, 300px\" \/><img loading=\"lazy\" decoding=\"async\" class=\"size-medium wp-image-32092 alignright\" src=\"https:\/\/www.sola-miklavz.si\/files\/2025\/10\/IMG_8495-300x200.jpg\" alt=\"\" width=\"300\" height=\"200\" srcset=\"https:\/\/www.sola-miklavz.si\/files\/2025\/10\/IMG_8495-300x200.jpg 300w, https:\/\/www.sola-miklavz.si\/files\/2025\/10\/IMG_8495-1024x683.jpg 1024w, https:\/\/www.sola-miklavz.si\/files\/2025\/10\/IMG_8495-768x512.jpg 768w, https:\/\/www.sola-miklavz.si\/files\/2025\/10\/IMG_8495-1536x1024.jpg 1536w, https:\/\/www.sola-miklavz.si\/files\/2025\/10\/IMG_8495.jpg 1728w\" sizes=\"auto, (max-width: 300px) 100vw, 300px\" \/><\/p>\n","protected":false},"excerpt":{"rendered":"<p>Na\u0161a \u0161ola je v okviru Erasmus+ programa gostila u\u010diteljice iz Italije, ki so z nami delile svoje izku\u0161nje o tamkaj\u0161njem \u0161olskem sistemu. Obisk je bil prilo\u017enost za medkulturno izmenjavo in primerjavo \u0161olskih praks. U\u010diteljice so povedale, da italijanski u\u010denci pogosto niso zadovoljni s \u0161olsko prehrano, saj obroki niso pripravljeni na&#46;&#46;&#46;<\/p>\n","protected":false},"author":5226,"featured_media":0,"comment_status":"closed","ping_status":"open","sticky":false,"template":"","format":"standard","meta":{"ngg_post_thumbnail":0,"footnotes":"","_expiration-date-status":"","_expiration-date":0,"_expiration-date-type":"","_expiration-date-categories":[],"_expiration-date-options":[]},"categories":[77],"tags":[],"class_list":["post-32090","post","type-post","status-publish","format-standard","hentry","category-dogodki-in-aktivnosti-ki-so-se-odvijale-na-soli"],"_links":{"self":[{"href":"https:\/\/www.sola-miklavz.si\/index.php?rest_route=\/wp\/v2\/posts\/32090","targetHints":{"allow":["GET"]}}],"collection":[{"href":"https:\/\/www.sola-miklavz.si\/index.php?rest_route=\/wp\/v2\/posts"}],"about":[{"href":"https:\/\/www.sola-miklavz.si\/index.php?rest_route=\/wp\/v2\/types\/post"}],"author":[{"embeddable":true,"href":"https:\/\/www.sola-miklavz.si\/index.php?rest_route=\/wp\/v2\/users\/5226"}],"replies":[{"embeddable":true,"href":"https:\/\/www.sola-miklavz.si\/index.php?rest_route=%2Fwp%2Fv2%2Fcomments&post=32090"}],"version-history":[{"count":1,"href":"https:\/\/www.sola-miklavz.si\/index.php?rest_route=\/wp\/v2\/posts\/32090\/revisions"}],"predecessor-version":[{"id":32093,"href":"https:\/\/www.sola-miklavz.si\/index.php?rest_route=\/wp\/v2\/posts\/32090\/revisions\/32093"}],"wp:attachment":[{"href":"https:\/\/www.sola-miklavz.si\/index.php?rest_route=%2Fwp%2Fv2%2Fmedia&parent=32090"}],"wp:term":[{"taxonomy":"category","embeddable":true,"href":"https:\/\/www.sola-miklavz.si\/index.php?rest_route=%2Fwp%2Fv2%2Fcategories&post=32090"},{"taxonomy":"post_tag","embeddable":true,"href":"https:\/\/www.sola-miklavz.si\/index.php?rest_route=%2Fwp%2Fv2%2Ftags&post=32090"}],"curies":[{"name":"wp","href":"https:\/\/api.w.org\/{rel}","templated":true}]}}