{"id":32086,"date":"2025-10-22T15:05:05","date_gmt":"2025-10-22T13:05:05","guid":{"rendered":"https:\/\/solamiklavz.splet.arnes.si\/?p=32086"},"modified":"2025-10-22T15:05:05","modified_gmt":"2025-10-22T13:05:05","slug":"obisk-uciteljic-iz-italije-na-nasi-soli","status":"publish","type":"post","link":"https:\/\/www.sola-miklavz.si\/?p=32086","title":{"rendered":"Obisk u\u010diteljic iz Italije na na\u0161i \u0161oli"},"content":{"rendered":"<p>Ta teden ste morda na hodnikih opazili dve nasmejani u\u010diteljici iz Italije \u2014 in prav ste imeli! V okviru Erasmus+ izmenjave raziskujeta na\u0161o \u0161olo, njeno organizacijo in na\u010din pou\u010devanja.<\/p>\n<p>Navdu\u0161eni sta nad prostornostjo \u0161ole ter sodobno u\u010dno opremo, ki jo imamo na voljo. V njunem doma\u010dem kraju se vrtec, osnovna in srednja \u0161ola sicer nahajajo na istem mestu, vendar v lo\u010denih stavbah. Njuna osnovna \u0161ola je precej manj\u0161a, pouk pa poteka od 8. do 14. ure. Kosil v \u0161oli nimajo, saj u\u010denci jedo doma.<\/p>\n<p>Imeli smo prilo\u017enost intervjuvati u\u010diteljico Sarah, ki \u017ee pet let pou\u010duje otroke s posebnimi potrebami. Z nami je delila zanimive vpoglede v italijanski \u0161olski sistem in svoje izku\u0161nje pri delu z u\u010denci.<\/p>\n<p>Veseli smo, da smo ju lahko gostili in upamo, da sta odnesli veliko lepih vtisov!<\/p>\n<p><em>Prispevek pripravili : Klemen, Jan in Aney<\/em><\/p>\n<p><em>Foto: Kiana<\/em><img loading=\"lazy\" decoding=\"async\" class=\"size-medium wp-image-32087 aligncenter\" src=\"https:\/\/www.sola-miklavz.si\/files\/2025\/10\/DSCN4626-300x225.jpg\" alt=\"\" width=\"300\" height=\"225\" srcset=\"https:\/\/www.sola-miklavz.si\/files\/2025\/10\/DSCN4626-300x225.jpg 300w, https:\/\/www.sola-miklavz.si\/files\/2025\/10\/DSCN4626-1024x768.jpg 1024w, https:\/\/www.sola-miklavz.si\/files\/2025\/10\/DSCN4626-768x576.jpg 768w, https:\/\/www.sola-miklavz.si\/files\/2025\/10\/DSCN4626-1536x1152.jpg 1536w, https:\/\/www.sola-miklavz.si\/files\/2025\/10\/DSCN4626-2048x1536.jpg 2048w\" sizes=\"auto, (max-width: 300px) 100vw, 300px\" \/><\/p>\n","protected":false},"excerpt":{"rendered":"<p>Ta teden ste morda na hodnikih opazili dve nasmejani u\u010diteljici iz Italije \u2014 in prav ste imeli! V okviru Erasmus+ izmenjave raziskujeta na\u0161o \u0161olo, njeno organizacijo in na\u010din pou\u010devanja. Navdu\u0161eni sta nad prostornostjo \u0161ole ter sodobno u\u010dno opremo, ki jo imamo na voljo. V njunem doma\u010dem kraju se vrtec, osnovna&#46;&#46;&#46;<\/p>\n","protected":false},"author":5226,"featured_media":0,"comment_status":"closed","ping_status":"open","sticky":false,"template":"","format":"standard","meta":{"ngg_post_thumbnail":0,"footnotes":"","_expiration-date-status":"","_expiration-date":0,"_expiration-date-type":"","_expiration-date-categories":[],"_expiration-date-options":[]},"categories":[77],"tags":[],"class_list":["post-32086","post","type-post","status-publish","format-standard","hentry","category-dogodki-in-aktivnosti-ki-so-se-odvijale-na-soli"],"_links":{"self":[{"href":"https:\/\/www.sola-miklavz.si\/index.php?rest_route=\/wp\/v2\/posts\/32086","targetHints":{"allow":["GET"]}}],"collection":[{"href":"https:\/\/www.sola-miklavz.si\/index.php?rest_route=\/wp\/v2\/posts"}],"about":[{"href":"https:\/\/www.sola-miklavz.si\/index.php?rest_route=\/wp\/v2\/types\/post"}],"author":[{"embeddable":true,"href":"https:\/\/www.sola-miklavz.si\/index.php?rest_route=\/wp\/v2\/users\/5226"}],"replies":[{"embeddable":true,"href":"https:\/\/www.sola-miklavz.si\/index.php?rest_route=%2Fwp%2Fv2%2Fcomments&post=32086"}],"version-history":[{"count":1,"href":"https:\/\/www.sola-miklavz.si\/index.php?rest_route=\/wp\/v2\/posts\/32086\/revisions"}],"predecessor-version":[{"id":32088,"href":"https:\/\/www.sola-miklavz.si\/index.php?rest_route=\/wp\/v2\/posts\/32086\/revisions\/32088"}],"wp:attachment":[{"href":"https:\/\/www.sola-miklavz.si\/index.php?rest_route=%2Fwp%2Fv2%2Fmedia&parent=32086"}],"wp:term":[{"taxonomy":"category","embeddable":true,"href":"https:\/\/www.sola-miklavz.si\/index.php?rest_route=%2Fwp%2Fv2%2Fcategories&post=32086"},{"taxonomy":"post_tag","embeddable":true,"href":"https:\/\/www.sola-miklavz.si\/index.php?rest_route=%2Fwp%2Fv2%2Ftags&post=32086"}],"curies":[{"name":"wp","href":"https:\/\/api.w.org\/{rel}","templated":true}]}}