{"id":32019,"date":"2025-10-19T12:55:30","date_gmt":"2025-10-19T10:55:30","guid":{"rendered":"https:\/\/solamiklavz.splet.arnes.si\/?p=32019"},"modified":"2025-11-18T10:28:11","modified_gmt":"2025-11-18T09:28:11","slug":"svecanost-ob-50-letnici-osnovne-sole-in-vrtca-v-miklavzu-na-dravskem-polju-17-10-2025","status":"publish","type":"post","link":"https:\/\/www.sola-miklavz.si\/?p=32019","title":{"rendered":"Sve\u010danost ob 50-letnici osnovne \u0161ole in vrtca v Miklav\u017eu na Dravskem polju (17. 10. 2025)"},"content":{"rendered":"<p><strong>Lepo je pustiti sledi \u2026<\/strong><\/p>\n<p>V petek, 17. 10. 2025, je bil za na\u0161 zavod prav gotovo poseben dan. V \u0161portni dvorani se je odvila prireditev Lepo je pustiti sledi, s katero smo obele\u017eili 50-letnico delovanja na\u0161e \u0161ole in vrtca.<\/p>\n<p>Prireditev se je pri\u010dela s prihodom predsednice Republike Slovenije, dr. Nata\u0161e Pirc Musar, ki nas je v nadaljevanju programa, za govorom na\u0161e ravnateljice, nagovorila s slavnostnimi besedami. Uvodno himno pa je odpel biv\u0161i u\u010denec na\u0161e \u0161ole, g. Alen Kirbi\u0161. Skozi zgodovino delovanja na\u0161ega zavoda nas je v svojem govoru popeljala ravnateljica zavoda, dr. Katarina Germ\u0161ek, ki je povabila k mikrofonu gospo predsednico RS. Tretji slavnostni govor pa je imel \u017eupan Ob\u010dine Miklav\u017e na Dravskem polju, mag. Egon Repnik.<\/p>\n<p>U\u010denci na\u0161e \u0161ole so z velikim veseljem soustvarjali program prireditve in se predstavili z deklamacijami, pevskimi in plesnimi to\u010dkami, plesno-gimnasti\u010dnimi to\u010dkami, folklornim plesom \u2026<\/p>\n<p>Na prireditvi so sodelovali tudi: AFS KUD \u0160tudent, ga. Simona Koser \u0160avora je spremljala na klavirju flavtistki Evo in \u017divo \u017ditnik, predstavili so se s \u010dudovito skladbo Dale\u010d je za naju pomlad.<\/p>\n<p>Tudi u\u010ditelji smo se prav za to prilo\u017enost, praznovanje obletnice na\u0161ega zavoda, povezali, vadili in zapeli pesem Vrtiljak, na\u0161emu petju pa se je pridru\u017eila tudi gospa predsednica, dr. Nata\u0161a Pirc Musar, kar je bilo \u0161e posebej zanimivo.<\/p>\n<p>Na\u0161 MPZ se je zapel pesem Najlep\u0161e pesmi, zaklju\u010dna glasbena to\u010dka pa je nastala v sodelovanju s Konservatorijem za glasbo in balet Maribor, in sicer so zapeli pesem Vsem nam, avtorice Alenke Bervar, ki nam je ob zaklju\u010dku prinesla posebno sporo\u010dilo o upanju ter dobroti ljudi.<\/p>\n<p>Prav gotovo smo tudi v petek pustili pomembne sledi \u2026<\/p>\n<p style=\"text-align: right\">Bojana Pauman,<\/p>\n<p style=\"text-align: right\">organizatorka prireditve<\/p>\nngg_shortcode_0_placeholder\n<div class=\"video-container\"><iframe loading=\"lazy\" title=\"Sve\u010danost ob 50-letnici osnovne \u0161ole in vrtca v Miklav\u017eu na Dravskem polju -17.10.2025\" width=\"500\" height=\"281\" src=\"https:\/\/www.youtube.com\/embed\/Mau3_SbiKjg?feature=oembed&#038;wmode=opaque\" frameborder=\"0\" allow=\"accelerometer; autoplay; clipboard-write; encrypted-media; gyroscope; picture-in-picture; web-share\" referrerpolicy=\"strict-origin-when-cross-origin\" allowfullscreen><\/iframe><\/div>\n<p>&nbsp;<\/p>\n<p>&nbsp;<\/p>\n","protected":false},"excerpt":{"rendered":"<p>Lepo je pustiti sledi \u2026 V petek, 17. 10. 2025, je bil za na\u0161 zavod prav gotovo poseben dan. V \u0161portni dvorani se je odvila prireditev Lepo je pustiti sledi, s katero smo obele\u017eili 50-letnico delovanja na\u0161e \u0161ole in vrtca. Prireditev se je pri\u010dela s prihodom predsednice Republike Slovenije, dr.&#46;&#46;&#46;<\/p>\n","protected":false},"author":2448,"featured_media":32022,"comment_status":"closed","ping_status":"open","sticky":false,"template":"","format":"standard","meta":{"ngg_post_thumbnail":0,"footnotes":"","_expiration-date-status":"","_expiration-date":0,"_expiration-date-type":"","_expiration-date-categories":[],"_expiration-date-options":[]},"categories":[83],"tags":[],"class_list":["post-32019","post","type-post","status-publish","format-standard","has-post-thumbnail","hentry","category-50-let-os-miklavz"],"_links":{"self":[{"href":"https:\/\/www.sola-miklavz.si\/index.php?rest_route=\/wp\/v2\/posts\/32019","targetHints":{"allow":["GET"]}}],"collection":[{"href":"https:\/\/www.sola-miklavz.si\/index.php?rest_route=\/wp\/v2\/posts"}],"about":[{"href":"https:\/\/www.sola-miklavz.si\/index.php?rest_route=\/wp\/v2\/types\/post"}],"author":[{"embeddable":true,"href":"https:\/\/www.sola-miklavz.si\/index.php?rest_route=\/wp\/v2\/users\/2448"}],"replies":[{"embeddable":true,"href":"https:\/\/www.sola-miklavz.si\/index.php?rest_route=%2Fwp%2Fv2%2Fcomments&post=32019"}],"version-history":[{"count":8,"href":"https:\/\/www.sola-miklavz.si\/index.php?rest_route=\/wp\/v2\/posts\/32019\/revisions"}],"predecessor-version":[{"id":32187,"href":"https:\/\/www.sola-miklavz.si\/index.php?rest_route=\/wp\/v2\/posts\/32019\/revisions\/32187"}],"wp:featuredmedia":[{"embeddable":true,"href":"https:\/\/www.sola-miklavz.si\/index.php?rest_route=\/wp\/v2\/media\/32022"}],"wp:attachment":[{"href":"https:\/\/www.sola-miklavz.si\/index.php?rest_route=%2Fwp%2Fv2%2Fmedia&parent=32019"}],"wp:term":[{"taxonomy":"category","embeddable":true,"href":"https:\/\/www.sola-miklavz.si\/index.php?rest_route=%2Fwp%2Fv2%2Fcategories&post=32019"},{"taxonomy":"post_tag","embeddable":true,"href":"https:\/\/www.sola-miklavz.si\/index.php?rest_route=%2Fwp%2Fv2%2Ftags&post=32019"}],"curies":[{"name":"wp","href":"https:\/\/api.w.org\/{rel}","templated":true}]}}